{"id":16311,"date":"2025-07-11T17:03:18","date_gmt":"2025-07-11T15:03:18","guid":{"rendered":"https:\/\/www.santachiarahotel.com\/?p=16311"},"modified":"2025-07-11T17:38:34","modified_gmt":"2025-07-11T15:38:34","slug":"eventi-estate-2025-napoli-cosa-aspettarsi","status":"publish","type":"post","link":"https:\/\/www.santachiarahotel.com\/it\/eventi-estate-2025-napoli-cosa-aspettarsi\/","title":{"rendered":"Eventi estate 2025 Napoli: cosa aspettarsi"},"content":{"rendered":"\t\t<div data-elementor-type=\"wp-post\" data-elementor-id=\"16311\" class=\"elementor elementor-16311 elementor-16310\" data-elementor-post-type=\"post\">\n\t\t\t\t<div class=\"elementor-element elementor-element-b7c6493 e-con-full e-flex e-con e-parent\" data-id=\"b7c6493\" data-element_type=\"container\">\n\t\t<div class=\"elementor-element elementor-element-060be80 e-con-full e-flex e-con e-child\" data-id=\"060be80\" data-element_type=\"container\">\n\t\t\t\t<div class=\"elementor-element elementor-element-986a0b0 elementor-widget elementor-widget-spacer\" data-id=\"986a0b0\" data-element_type=\"widget\" data-widget_type=\"spacer.default\">\n\t\t\t\t<div class=\"elementor-widget-container\">\n\t\t\t\t\t<div class=\"elementor-spacer\">\n\t\t\t<div class=\"elementor-spacer-inner\"><\/div>\n\t\t<\/div>\n\t\t\t\t<\/div>\n\t\t\t\t<\/div>\n\t\t\t\t<div class=\"elementor-element elementor-element-4042c3a animated-slow elementor-invisible elementor-widget elementor-widget-qi_addons_for_elementor_dropcaps\" data-id=\"4042c3a\" data-element_type=\"widget\" data-settings=\"{&quot;_animation&quot;:&quot;h-neuron-animation--slideUp&quot;,&quot;_animation_delay&quot;:200}\" data-widget_type=\"qi_addons_for_elementor_dropcaps.default\">\n\t\t\t\t<div class=\"elementor-widget-container\">\n\t\t\t<div class=\"qodef-shortcode qodef-m  qodef-qi-dropcaps  \">\n\t\t\t<span class=\"qodef-m-letter\">\n\t\t\tL\t\t<\/span>\n\t\t<p class=\"qodef-m-text\">\n\t\t\t\u2019estate a Napoli si accende di arte, musica e meraviglia. A partire dal cuore del centro storico, dove \u00e8 situato il nostro Boutique Hotel, la citt\u00e0 offre un calendario fitto di appuntamenti imperdibili tra concerti, mostre internazionali, performance teatrali e esperienze enogastronomiche. Pi\u00f9 che un semplice elenco di eventi, in questo articolo troverai i punti salienti per un\u2019estate napoletana da vivere giorno per giorno, in un intreccio di suggestioni che attraversa quartieri e sensibilit\u00e0. \nDai palcoscenici monumentali del Teatro San Carlo alle atmosfere intime dei chiostri, dai giardini alle terrazze vista mare, l\u2019offerta culturale della citt\u00e0, da fine giugno a fine agosto, \u00e8 tra le pi\u00f9 vivaci d\u2019Europa.\nIn questa piccola guida abbiamo raccolto e organizzato gli eventi pi\u00f9 interessanti dell\u2019estate 2025 a Napoli, suddividendoli per tipologia e per luogo: vivere Napoli nel periodo estivo, significa lasciarsi sorprendere ogni singola sera, tra eleganza e vitalit\u00e0, bellezza e passione.\n\t\t<\/p>\n\t<\/div>\n\t\t<\/div>\n\t\t\t\t<\/div>\n\t\t\t\t<div class=\"elementor-element elementor-element-2efc254 elementor-widget elementor-widget-spacer\" data-id=\"2efc254\" data-element_type=\"widget\" data-widget_type=\"spacer.default\">\n\t\t\t\t<div class=\"elementor-widget-container\">\n\t\t\t\t\t<div class=\"elementor-spacer\">\n\t\t\t<div class=\"elementor-spacer-inner\"><\/div>\n\t\t<\/div>\n\t\t\t\t<\/div>\n\t\t\t\t<\/div>\n\t\t\t\t<\/div>\n\t\t\t\t<\/div>\n\t\t<div class=\"elementor-element elementor-element-f7e55e5 e-con-full e-flex e-con e-parent\" data-id=\"f7e55e5\" data-element_type=\"container\">\n\t\t<div class=\"elementor-element elementor-element-f6ca605 e-con-full e-flex e-con e-child\" data-id=\"f6ca605\" data-element_type=\"container\">\n\t\t<div class=\"elementor-element elementor-element-415995d e-flex e-con-boxed e-con e-child\" data-id=\"415995d\" data-element_type=\"container\">\n\t\t\t\t\t<div class=\"e-con-inner\">\n\t\t\t\t<div class=\"elementor-element elementor-element-f3188f1 cyl-img-fonte-1 elementor-widget elementor-widget-image\" data-id=\"f3188f1\" data-element_type=\"widget\" data-widget_type=\"image.default\">\n\t\t\t\t<div class=\"elementor-widget-container\">\n\t\t\t\t\t\t\t\t\t\t\t\t\t<img decoding=\"async\" src=\"https:\/\/www.santachiarahotel.com\/wp-content\/uploads\/2025\/07\/SC_03.png\" title=\"SC_03\" alt=\"SC_03\" loading=\"lazy\" \/>\t\t\t\t\t\t\t\t\t\t\t\t\t<\/div>\n\t\t\t\t<\/div>\n\t\t\t\t\t<\/div>\n\t\t\t\t<\/div>\n\t\t<div class=\"elementor-element elementor-element-65c97e0 e-flex e-con-boxed e-con e-child\" data-id=\"65c97e0\" data-element_type=\"container\">\n\t\t\t\t\t<div class=\"e-con-inner\">\n\t\t\t\t<div class=\"elementor-element elementor-element-632e46d elementor-hidden-mobile elementor-widget elementor-widget-spacer\" data-id=\"632e46d\" data-element_type=\"widget\" data-widget_type=\"spacer.default\">\n\t\t\t\t<div class=\"elementor-widget-container\">\n\t\t\t\t\t<div class=\"elementor-spacer\">\n\t\t\t<div class=\"elementor-spacer-inner\"><\/div>\n\t\t<\/div>\n\t\t\t\t<\/div>\n\t\t\t\t<\/div>\n\t\t\t\t<div class=\"elementor-element elementor-element-84c6ea4 elementor-widget elementor-widget-image\" data-id=\"84c6ea4\" data-element_type=\"widget\" data-widget_type=\"image.default\">\n\t\t\t\t<div class=\"elementor-widget-container\">\n\t\t\t\t\t\t\t\t\t\t\t\t\t<img decoding=\"async\" src=\"https:\/\/www.santachiarahotel.com\/wp-content\/uploads\/2025\/07\/SC_03-1.png\" title=\"SC_03\" alt=\"SC_03\" loading=\"lazy\" \/>\t\t\t\t\t\t\t\t\t\t\t\t\t<\/div>\n\t\t\t\t<\/div>\n\t\t\t\t\t<\/div>\n\t\t\t\t<\/div>\n\t\t\t\t<\/div>\n\t\t\t\t<\/div>\n\t\t<div class=\"elementor-element elementor-element-efcd639 e-con-full e-flex e-con e-parent\" data-id=\"efcd639\" data-element_type=\"container\">\n\t\t<div class=\"elementor-element elementor-element-1907aea e-con-full e-flex e-con e-child\" data-id=\"1907aea\" data-element_type=\"container\">\n\t\t\t\t<div class=\"elementor-element elementor-element-9c9d8bc elementor-widget elementor-widget-spacer\" data-id=\"9c9d8bc\" data-element_type=\"widget\" data-widget_type=\"spacer.default\">\n\t\t\t\t<div class=\"elementor-widget-container\">\n\t\t\t\t\t<div class=\"elementor-spacer\">\n\t\t\t<div class=\"elementor-spacer-inner\"><\/div>\n\t\t<\/div>\n\t\t\t\t<\/div>\n\t\t\t\t<\/div>\n\t\t\t\t<div class=\"elementor-element elementor-element-b7c1f97 elementor-widget elementor-widget-heading\" data-id=\"b7c1f97\" data-element_type=\"widget\" data-widget_type=\"heading.default\">\n\t\t\t\t<div class=\"elementor-widget-container\">\n\t\t\t<h2 class=\"elementor-heading-title elementor-size-default\">Arte e mostre: dialoghi senza tempo<\/h2>\t\t<\/div>\n\t\t\t\t<\/div>\n\t\t\t\t<div class=\"elementor-element elementor-element-31b4dde elementor-widget elementor-widget-spacer\" data-id=\"31b4dde\" data-element_type=\"widget\" data-widget_type=\"spacer.default\">\n\t\t\t\t<div class=\"elementor-widget-container\">\n\t\t\t\t\t<div class=\"elementor-spacer\">\n\t\t\t<div class=\"elementor-spacer-inner\"><\/div>\n\t\t<\/div>\n\t\t\t\t<\/div>\n\t\t\t\t<\/div>\n\t\t\t\t<div class=\"elementor-element elementor-element-bce79a0 animated-slow elementor-invisible elementor-widget elementor-widget-text-editor\" data-id=\"bce79a0\" data-element_type=\"widget\" data-settings=\"{&quot;_animation&quot;:&quot;h-neuron-animation--slideUp&quot;,&quot;_animation_delay&quot;:200}\" data-widget_type=\"text-editor.default\">\n\t\t\t\t<div class=\"elementor-widget-container\">\n\t\t\t\t\t\t\t<p>L\u2019arte a Napoli \u00e8 un ponte tra passato e presente, un dialogo continuo che si snoda attraverso le sue prestigiose sedi. Alle Gallerie d\u2019Italia, prosegue la potente stagione espositiva, epicentro di riflessione artistica contemporanea pronta ad articolarsi in tre proposte di rilievo.&nbsp;<\/p>\n<p><br><\/p>\n<p>&#8211; <b>\u201cChi sei, Napoli?\u201d <\/b>di JR (fino al 5 ottobre), ottavo capitolo del progetto Chronicles strutturato come indagine poetica sull\u2019identit\u00e0 urbana attraverso linguaggio fotografico innovativo.&nbsp;<\/p>\n<p><br><\/p>\n<p>&#8211; <b>\u201cLa Dama col Liocorno\u201d<\/b> di Raffaello, presenza che ha segnato la primavera e prevede capolinea espositivo il 22 giugno.&nbsp;<\/p>\n<p><br><\/p>\n<p>&#8211;&nbsp;Da non perdere anche <b>\u201cDavid\u201d<\/b> di <b>Jago<\/b>, in esposizione fino al 26 ottobre: un\u2019opera che rielabora il canone classico michelangiolesco per indagare quelle che sono le fragilit\u00e0 dell\u2019uomo contemporaneo, utilizzando un forte linguaggio scultoreo di potente ed efficace narrativa.&nbsp;<\/p>\n<p><br><\/p>\n<p>Pochi passi pi\u00f9 in l\u00e0, al <b>Museo di Capodimonte<\/b>, proseguono fino al 7 luglio i dialoghi barocchi tra Rubens e Baglione (<b>\u201cSan Sebastiano curato dagli angeli\u201d <\/b>e<b> \u201cAmor sacro e Amor profano\u201d<\/b>). Si \u00e8 appena conclusa, invece, la delicatissima esposizione di Ludovico Carracci.&nbsp;<\/p>\n<p><b>Il Palazzo Reale,<\/b> a sua volta, accoglie un\u2019atmosfera unica e intensa fino al 15 agosto con<b> \u201cGiambattista Pittoni e l\u2019epoca di Casanova\u201d<\/b>, viaggio nella sensualit\u00e0 e nella raffinatezza del Settecento veneziano e napoletano.<\/p>\t\t\t\t\t\t<\/div>\n\t\t\t\t<\/div>\n\t\t\t\t<div class=\"elementor-element elementor-element-9d44b35 elementor-widget elementor-widget-spacer\" data-id=\"9d44b35\" data-element_type=\"widget\" data-widget_type=\"spacer.default\">\n\t\t\t\t<div class=\"elementor-widget-container\">\n\t\t\t\t\t<div class=\"elementor-spacer\">\n\t\t\t<div class=\"elementor-spacer-inner\"><\/div>\n\t\t<\/div>\n\t\t\t\t<\/div>\n\t\t\t\t<\/div>\n\t\t<div class=\"elementor-element elementor-element-76897d5 e-con-full e-flex e-con e-child\" data-id=\"76897d5\" data-element_type=\"container\">\n\t\t\t\t<div class=\"elementor-element elementor-element-229cae6 elementor-widget__width-initial cyl-img-fonte-2 elementor-widget elementor-widget-image\" data-id=\"229cae6\" data-element_type=\"widget\" data-widget_type=\"image.default\">\n\t\t\t\t<div class=\"elementor-widget-container\">\n\t\t\t\t\t\t\t\t\t\t\t\t\t<img fetchpriority=\"high\" decoding=\"async\" width=\"586\" height=\"821\" src=\"https:\/\/www.santachiarahotel.com\/wp-content\/uploads\/2025\/07\/SC_02.jpg\" class=\"attachment-full size-full wp-image-16322\" alt=\"\" srcset=\"https:\/\/www.santachiarahotel.com\/wp-content\/uploads\/2025\/07\/SC_02.jpg 586w, https:\/\/www.santachiarahotel.com\/wp-content\/uploads\/2025\/07\/SC_02-214x300.jpg 214w\" sizes=\"(max-width: 586px) 100vw, 586px\" \/>\t\t\t\t\t\t\t\t\t\t\t\t\t<\/div>\n\t\t\t\t<\/div>\n\t\t\t\t<div class=\"elementor-element elementor-element-670d7b5 elementor-widget elementor-widget-html\" data-id=\"670d7b5\" data-element_type=\"widget\" data-widget_type=\"html.default\">\n\t\t\t\t<div class=\"elementor-widget-container\">\n\t\t\t<script>\n    \n\/\/ Crea una funzione per sincronizzare le dimensioni\nfunction syncDimensions() {\n    \/\/ Ottieni le dimensioni dell'elemento con la classe 'cyl-img-fonte-1'\n    var height = jQuery('.cyl-img-fonte-1 img').height();\n    var width = jQuery('.cyl-img-fonte-1 img').width();\n\n    \/\/ Imposta le dimensioni dell'elemento con la classe 'cyl-img-fonte-2' \n    \/\/ uguali alle dimensioni dell'elemento con la classe 'cyl-img-fonte-1'\n    jQuery('.cyl-img-fonte-2 img').height(height);\n    jQuery('.cyl-img-fonte-2 img').width(width);\n}\n\n\/\/ Chiama la funzione syncDimensions alla prima apertura della pagina\njQuery(document).ready(syncDimensions);\n\n\/\/ Chiama la funzione syncDimensions ogni volta che la finestra viene ridimensionata\njQuery(window).resize(syncDimensions);\n\n\n<\/script>\t\t<\/div>\n\t\t\t\t<\/div>\n\t\t\t\t<\/div>\n\t\t\t\t<div class=\"elementor-element elementor-element-036950a elementor-widget elementor-widget-spacer\" data-id=\"036950a\" data-element_type=\"widget\" data-widget_type=\"spacer.default\">\n\t\t\t\t<div class=\"elementor-widget-container\">\n\t\t\t\t\t<div class=\"elementor-spacer\">\n\t\t\t<div class=\"elementor-spacer-inner\"><\/div>\n\t\t<\/div>\n\t\t\t\t<\/div>\n\t\t\t\t<\/div>\n\t\t\t\t<div class=\"elementor-element elementor-element-4eb8e0d elementor-widget elementor-widget-heading\" data-id=\"4eb8e0d\" data-element_type=\"widget\" data-widget_type=\"heading.default\">\n\t\t\t\t<div class=\"elementor-widget-container\">\n\t\t\t<h2 class=\"elementor-heading-title elementor-size-default\">Contemporaneo e Sperimentazione: nuovi linguaggi<\/h2>\t\t<\/div>\n\t\t\t\t<\/div>\n\t\t\t\t<div class=\"elementor-element elementor-element-f7a3d2a elementor-widget elementor-widget-spacer\" data-id=\"f7a3d2a\" data-element_type=\"widget\" data-widget_type=\"spacer.default\">\n\t\t\t\t<div class=\"elementor-widget-container\">\n\t\t\t\t\t<div class=\"elementor-spacer\">\n\t\t\t<div class=\"elementor-spacer-inner\"><\/div>\n\t\t<\/div>\n\t\t\t\t<\/div>\n\t\t\t\t<\/div>\n\t\t\t\t<div class=\"elementor-element elementor-element-ca82f4b animated-slow elementor-invisible elementor-widget elementor-widget-text-editor\" data-id=\"ca82f4b\" data-element_type=\"widget\" data-settings=\"{&quot;_animation&quot;:&quot;h-neuron-animation--slideUp&quot;,&quot;_animation_delay&quot;:200}\" data-widget_type=\"text-editor.default\">\n\t\t\t\t<div class=\"elementor-widget-container\">\n\t\t\t\t\t\t\t<p>L\u2019estate napoletana \u00e8 anche una spinta verso ci\u00f2 che \u00e8 fresco e nuovo. Fino al <b>30 giugno<\/b>, il <b>Museo Madre<\/b> propone <b>\u201cEuforia Tomaso Binga\u201d<\/b>, retrospettiva dedicata a una delle voci pi\u00f9 libere dell\u2019avanguardia italiana, che rilegge corpo, scrittura e femminismo con ironia e visionariet\u00e0.<\/p>\n<p><br><\/p>\n<p>Allo stesso modo, fino al <b>25 luglio<\/b>, il <b>CARTESIO dell\u2019Osservatorio Astronomico di Capodimonte<\/b> ospita <b>\u201cNapoli tra citt\u00e0 e cosmo\u201d<\/b>, un viaggio nell&#8217;astrofisica tra installazioni e immaginazione, in un&#8217;esperienza sospesa tra scienza e arte. Menzione speciale va all\u2019opera site-specific <b>\u201cOH!\u201d di Marcello Jori<\/b>, installata in <b>Piazza Mercato<\/b> fino al <b>29 settembre<\/b>. Ispirata a <b>Pinocchio<\/b>, questa fiaba visiva trasforma uno degli spazi pi\u00f9 antichi della citt\u00e0 in un laboratorio creativo a cielo aperto, invitando il visitatore a riscoprire Napoli attraverso la lente dell\u2019infanzia e dell\u2019immaginazione.<\/p>\t\t\t\t\t\t<\/div>\n\t\t\t\t<\/div>\n\t\t\t\t<div class=\"elementor-element elementor-element-ff4f7d8 elementor-widget elementor-widget-spacer\" data-id=\"ff4f7d8\" data-element_type=\"widget\" data-widget_type=\"spacer.default\">\n\t\t\t\t<div class=\"elementor-widget-container\">\n\t\t\t\t\t<div class=\"elementor-spacer\">\n\t\t\t<div class=\"elementor-spacer-inner\"><\/div>\n\t\t<\/div>\n\t\t\t\t<\/div>\n\t\t\t\t<\/div>\n\t\t\t\t<div class=\"elementor-element elementor-element-4d9ed33 elementor-widget elementor-widget-heading\" data-id=\"4d9ed33\" data-element_type=\"widget\" data-widget_type=\"heading.default\">\n\t\t\t\t<div class=\"elementor-widget-container\">\n\t\t\t<h2 class=\"elementor-heading-title elementor-size-default\">Musica: grandi concerti e note d\u2019autore<\/h2>\t\t<\/div>\n\t\t\t\t<\/div>\n\t\t\t\t<div class=\"elementor-element elementor-element-82fd024 animated-slow elementor-invisible elementor-widget elementor-widget-text-editor\" data-id=\"82fd024\" data-element_type=\"widget\" data-settings=\"{&quot;_animation&quot;:&quot;h-neuron-animation--slideUp&quot;,&quot;_animation_delay&quot;:200}\" data-widget_type=\"text-editor.default\">\n\t\t\t\t<div class=\"elementor-widget-container\">\n\t\t\t\t\t\t\t<p>La colonna sonora dell\u2019estate napoletana risuona forte nello <b>Stadio Diego Armando Maradona<\/b>, che ospita una serie di concerti capaci di richiamare platee numerose e appassionate. Artisti di fama internazionale e star della musica italiana si alternano in una stagione musicale di alto profilo, capace di trasformare ogni serata in un\u2019esperienza collettiva indimenticabile. Di seguito, alcuni dei pi\u00f9 importanti avvenuti e previsti:<\/p>\n<p><br><\/p>\n<p><b>16\/17 giugno &#8211; Vasco Rossi<\/b><\/p>\n<p><b>21 giugno \u2013 Imagine Dragons<\/b><\/p>\n<p><b>24 giugno \u2013 Cesare Cremonini<\/b><\/p>\n<p><b>26 giugno \u2013 Marco Mengoni<\/b><\/p>\n<p><b>28 giugno \u2013 Pinguini Tattici Nucleari<\/b><\/p>\n<p><br><\/p>\n<p>Grandi eventi per grandi emozioni, da vivere in uno spazio iconico e ben collegato al centro, per una notte da condividere con migliaia di spettatori in un\u2019atmosfera travolgente.<\/p>\n<p><br><\/p>\n<p>Nel cuore verde dei <b>Campi Flegrei<\/b>, invece, l\u2019<b>Arena Flegrea<\/b> offre un cartellone unico per qualit\u00e0 e adrenalina, in cui la musica sinfonica incontra la grande narrazione cinematografica:<\/p>\n<p><b><br><\/b><\/p>\n<p><b>28 giugno \u2013 The Magical Music of Harry Potter (ore 16:00)<\/b><\/p>\n<p><b>28 giugno \u2013 The Wall &amp; The Dark Side of the Moon (ore 20:30)<\/b><\/p>\n<p><b>29 giugno \u2013 The Music of The Lord of the Rings (ore 16:00)<\/b><\/p>\n<p><b>29 giugno \u2013 The Music of Hans Zimmer and Others (ore 20:30)<\/b><\/p>\n<p><b>6 luglio &#8211; Thirty Seconds to Mars<\/b><\/p>\n<p><b>9 luglio &#8211; Eduardo de Crescenzo<\/b><\/p>\n<p><b>22 luglio &#8211; Fabio Concato&nbsp;<\/b><\/p>\n<p><b>23 luglio &#8211; Afterhours&nbsp;<\/b><\/p>\n<p><br><\/p>\n<p>Un\u2019esperienza multisensoriale immersa nella natura, tra memoria visiva e incanto sonoro.<\/p>\n<p>Tra gli appuntamenti da non perdere a luglio e agosto segnaliamo anche:<\/p><p><b><br><\/b><\/p>\n<p><b>La Notte della Tammorra (1\u20135 luglio, Piazza Mercato)<\/b><\/p>\n<p><b>Musica al Castello (25 luglio \u2013 3 agosto, Maschio Angioino)<\/b><\/p>\n<p><b>Kiss Kiss Summer Tour (31 luglio, Piazza del Plebiscito)<\/b><\/p>\n<p><b>Ravello Festival (6 luglio \u2013 25 agosto, Ravello)<\/b><\/p>\n<p><b>Jazz a Corte (4, 11, 18, 25 luglio e 1, 8 agosto, Palazzo Reale)<\/b><\/p>\n<p><b>Napoli City Half Marathon Sunset Edition (10 agosto, lungomare Caracciolo)<\/b><\/p>\n<p><b>Jazz sotto le stelle (14 agosto, Parco Archeologico di Paestum)<\/b><\/p>\n<div><br><\/div>\t\t\t\t\t\t<\/div>\n\t\t\t\t<\/div>\n\t\t\t\t<div class=\"elementor-element elementor-element-3df2f3b elementor-widget elementor-widget-spacer\" data-id=\"3df2f3b\" data-element_type=\"widget\" data-widget_type=\"spacer.default\">\n\t\t\t\t<div class=\"elementor-widget-container\">\n\t\t\t\t\t<div class=\"elementor-spacer\">\n\t\t\t<div class=\"elementor-spacer-inner\"><\/div>\n\t\t<\/div>\n\t\t\t\t<\/div>\n\t\t\t\t<\/div>\n\t\t<div class=\"elementor-element elementor-element-c228190 e-con-full e-flex e-con e-child\" data-id=\"c228190\" data-element_type=\"container\">\n\t\t\t\t<div class=\"elementor-element elementor-element-14b30af elementor-widget__width-initial cyl-img-fonte-2 elementor-widget elementor-widget-image\" data-id=\"14b30af\" data-element_type=\"widget\" data-widget_type=\"image.default\">\n\t\t\t\t<div class=\"elementor-widget-container\">\n\t\t\t\t\t\t\t\t\t\t\t\t\t<img decoding=\"async\" width=\"586\" height=\"821\" src=\"https:\/\/www.santachiarahotel.com\/wp-content\/uploads\/2025\/07\/SC_03.jpg\" class=\"attachment-full size-full wp-image-16324\" alt=\"\" srcset=\"https:\/\/www.santachiarahotel.com\/wp-content\/uploads\/2025\/07\/SC_03.jpg 586w, https:\/\/www.santachiarahotel.com\/wp-content\/uploads\/2025\/07\/SC_03-214x300.jpg 214w\" sizes=\"(max-width: 586px) 100vw, 586px\" \/>\t\t\t\t\t\t\t\t\t\t\t\t\t<\/div>\n\t\t\t\t<\/div>\n\t\t\t\t<div class=\"elementor-element elementor-element-1999a99 elementor-widget elementor-widget-html\" data-id=\"1999a99\" data-element_type=\"widget\" data-widget_type=\"html.default\">\n\t\t\t\t<div class=\"elementor-widget-container\">\n\t\t\t<script>\n    \n\/\/ Crea una funzione per sincronizzare le dimensioni\nfunction syncDimensions() {\n    \/\/ Ottieni le dimensioni dell'elemento con la classe 'cyl-img-fonte-1'\n    var height = jQuery('.cyl-img-fonte-1 img').height();\n    var width = jQuery('.cyl-img-fonte-1 img').width();\n\n    \/\/ Imposta le dimensioni dell'elemento con la classe 'cyl-img-fonte-2' \n    \/\/ uguali alle dimensioni dell'elemento con la classe 'cyl-img-fonte-1'\n    jQuery('.cyl-img-fonte-2 img').height(height);\n    jQuery('.cyl-img-fonte-2 img').width(width);\n}\n\n\/\/ Chiama la funzione syncDimensions alla prima apertura della pagina\njQuery(document).ready(syncDimensions);\n\n\/\/ Chiama la funzione syncDimensions ogni volta che la finestra viene ridimensionata\njQuery(window).resize(syncDimensions);\n\n\n<\/script>\t\t<\/div>\n\t\t\t\t<\/div>\n\t\t\t\t<\/div>\n\t\t\t\t<div class=\"elementor-element elementor-element-e7c06b0 elementor-widget elementor-widget-spacer\" data-id=\"e7c06b0\" data-element_type=\"widget\" data-widget_type=\"spacer.default\">\n\t\t\t\t<div class=\"elementor-widget-container\">\n\t\t\t\t\t<div class=\"elementor-spacer\">\n\t\t\t<div class=\"elementor-spacer-inner\"><\/div>\n\t\t<\/div>\n\t\t\t\t<\/div>\n\t\t\t\t<\/div>\n\t\t\t\t<div class=\"elementor-element elementor-element-9ebee7b elementor-widget elementor-widget-heading\" data-id=\"9ebee7b\" data-element_type=\"widget\" data-widget_type=\"heading.default\">\n\t\t\t\t<div class=\"elementor-widget-container\">\n\t\t\t<h2 class=\"elementor-heading-title elementor-size-default\">Teatro e classica: l\u2019incanto del San Carlo<\/h2>\t\t<\/div>\n\t\t\t\t<\/div>\n\t\t\t\t<div class=\"elementor-element elementor-element-f08e934 animated-slow elementor-invisible elementor-widget elementor-widget-text-editor\" data-id=\"f08e934\" data-element_type=\"widget\" data-settings=\"{&quot;_animation&quot;:&quot;h-neuron-animation--slideUp&quot;,&quot;_animation_delay&quot;:200}\" data-widget_type=\"text-editor.default\">\n\t\t\t\t<div class=\"elementor-widget-container\">\n\t\t\t\t\t\t\t<p>Il&nbsp;<a href=\"https:\/\/www.teatrosancarlo.it\/?gad_source=1&amp;gad_campaignid=12662096602&amp;gbraid=0AAAAABeTbORHsdaW2x2StnZXHwFbD09ju&amp;gclid=CjwKCAjw7MLDBhAuEiwAIeXGIaEqBroX9ChXxUmuOySGs68Nwx8ptkuqLSX6VGh3YPT7QEVMCOk1PxoCph0QAvD_BwE\" target=\"_blank\"><u>Teatro San Carlo<\/u><\/a>, cuore battente della cultura napoletana, apre la sua stagione estiva con una programmazione che incanta e coinvolge.<\/p>\n<p><br><\/p>\n<p><b>26, 27, 29 giugno e 1, 2, 3 luglio:<\/b> il balletto <b>Onegin<\/b>, capolavoro di <b>\u010cajkovskij <\/b>nella coreografia di <b>John Cranko<\/b>, emoziona con la sua intensit\u00e0 narrativa e il lirismo visivo.<\/p>\n<p><br><\/p>\n<p><b>28 giugno<\/b>: il soprano <b>Maria Agresta<\/b>, diretta da <b>Marco Armiliato<\/b>, sar\u00e0 protagonista di un concerto unico e straordinario.<\/p>\n<p><br><\/p>\n<p>Nel corso di luglio e agosto, il cortile del <b>Teatro<\/b> diverr\u00e0 palcoscenico en plein air per <b>\u201cSan Carlo Opera Festival\u201d<\/b>: opera, concerti e danza sotto le stelle nel cuore della citt\u00e0.&nbsp;<\/p>\t\t\t\t\t\t<\/div>\n\t\t\t\t<\/div>\n\t\t\t\t<div class=\"elementor-element elementor-element-3050024 elementor-widget elementor-widget-spacer\" data-id=\"3050024\" data-element_type=\"widget\" data-widget_type=\"spacer.default\">\n\t\t\t\t<div class=\"elementor-widget-container\">\n\t\t\t\t\t<div class=\"elementor-spacer\">\n\t\t\t<div class=\"elementor-spacer-inner\"><\/div>\n\t\t<\/div>\n\t\t\t\t<\/div>\n\t\t\t\t<\/div>\n\t\t<div class=\"elementor-element elementor-element-9a2f476 e-con-full e-flex e-con e-child\" data-id=\"9a2f476\" data-element_type=\"container\">\n\t\t\t\t<div class=\"elementor-element elementor-element-c929c79 elementor-widget__width-initial cyl-img-fonte-2 elementor-widget elementor-widget-image\" data-id=\"c929c79\" data-element_type=\"widget\" data-widget_type=\"image.default\">\n\t\t\t\t<div class=\"elementor-widget-container\">\n\t\t\t\t\t\t\t\t\t\t\t\t\t<img decoding=\"async\" width=\"586\" height=\"821\" src=\"https:\/\/www.santachiarahotel.com\/wp-content\/uploads\/2025\/07\/SC_04.jpg\" class=\"attachment-full size-full wp-image-16326\" alt=\"\" srcset=\"https:\/\/www.santachiarahotel.com\/wp-content\/uploads\/2025\/07\/SC_04.jpg 586w, https:\/\/www.santachiarahotel.com\/wp-content\/uploads\/2025\/07\/SC_04-214x300.jpg 214w\" sizes=\"(max-width: 586px) 100vw, 586px\" \/>\t\t\t\t\t\t\t\t\t\t\t\t\t<\/div>\n\t\t\t\t<\/div>\n\t\t\t\t<div class=\"elementor-element elementor-element-a48f03e elementor-widget elementor-widget-html\" data-id=\"a48f03e\" data-element_type=\"widget\" data-widget_type=\"html.default\">\n\t\t\t\t<div class=\"elementor-widget-container\">\n\t\t\t<script>\n    \n\/\/ Crea una funzione per sincronizzare le dimensioni\nfunction syncDimensions() {\n    \/\/ Ottieni le dimensioni dell'elemento con la classe 'cyl-img-fonte-1'\n    var height = jQuery('.cyl-img-fonte-1 img').height();\n    var width = jQuery('.cyl-img-fonte-1 img').width();\n\n    \/\/ Imposta le dimensioni dell'elemento con la classe 'cyl-img-fonte-2' \n    \/\/ uguali alle dimensioni dell'elemento con la classe 'cyl-img-fonte-1'\n    jQuery('.cyl-img-fonte-2 img').height(height);\n    jQuery('.cyl-img-fonte-2 img').width(width);\n}\n\n\/\/ Chiama la funzione syncDimensions alla prima apertura della pagina\njQuery(document).ready(syncDimensions);\n\n\/\/ Chiama la funzione syncDimensions ogni volta che la finestra viene ridimensionata\njQuery(window).resize(syncDimensions);\n\n\n<\/script>\t\t<\/div>\n\t\t\t\t<\/div>\n\t\t\t\t<\/div>\n\t\t\t\t<div class=\"elementor-element elementor-element-cb0aedb elementor-widget elementor-widget-spacer\" data-id=\"cb0aedb\" data-element_type=\"widget\" data-widget_type=\"spacer.default\">\n\t\t\t\t<div class=\"elementor-widget-container\">\n\t\t\t\t\t<div class=\"elementor-spacer\">\n\t\t\t<div class=\"elementor-spacer-inner\"><\/div>\n\t\t<\/div>\n\t\t\t\t<\/div>\n\t\t\t\t<\/div>\n\t\t\t\t<div class=\"elementor-element elementor-element-1ed188c elementor-widget elementor-widget-heading\" data-id=\"1ed188c\" data-element_type=\"widget\" data-widget_type=\"heading.default\">\n\t\t\t\t<div class=\"elementor-widget-container\">\n\t\t\t<h2 class=\"elementor-heading-title elementor-size-default\">Food &amp; wine: gusto e territorio<\/h2>\t\t<\/div>\n\t\t\t\t<\/div>\n\t\t\t\t<div class=\"elementor-element elementor-element-32f4ffd animated-slow elementor-invisible elementor-widget elementor-widget-text-editor\" data-id=\"32f4ffd\" data-element_type=\"widget\" data-settings=\"{&quot;_animation&quot;:&quot;h-neuron-animation--slideUp&quot;,&quot;_animation_delay&quot;:200}\" data-widget_type=\"text-editor.default\">\n\t\t\t\t<div class=\"elementor-widget-container\">\n\t\t\t\t\t\t\t<p>L\u2019estate a Napoli \u00e8 anche un percorso attraverso sapori autentici e tradizioni enogastronomiche di eccellenza. Nei Campi Flegrei, il paesaggio vulcanico far\u00e0 da cornice all\u2019evento <b>\u201cPraesentia: dove si coltiva il mare\u201d<\/b> previsto il <b>30 giugno<\/b>, per celebrare l\u2019armonia tra terra e mare con showcooking, degustazioni di vini autoctoni e racconti del pescato locale. Un\u2019esperienza che invita a un ritmo lento, capace di coniugare raffinatezza e genuinit\u00e0, in un dialogo profondo con il territorio e la sua identit\u00e0 culturale.&nbsp;<\/p>\n<p><br><\/p>\n<p>Dal <b>6 al 14 luglio<\/b>, in aggiunta, torner\u00e0 <b>Bufala Fest <\/b>sul lungomare Caracciolo: mozzarella, street food e tradizione in un evento popolare ma di qualit\u00e0, con showcooking e ospiti d\u2019eccezione.<\/p>\t\t\t\t\t\t<\/div>\n\t\t\t\t<\/div>\n\t\t\t\t<div class=\"elementor-element elementor-element-7975194 elementor-widget elementor-widget-spacer\" data-id=\"7975194\" data-element_type=\"widget\" data-widget_type=\"spacer.default\">\n\t\t\t\t<div class=\"elementor-widget-container\">\n\t\t\t\t\t<div class=\"elementor-spacer\">\n\t\t\t<div class=\"elementor-spacer-inner\"><\/div>\n\t\t<\/div>\n\t\t\t\t<\/div>\n\t\t\t\t<\/div>\n\t\t\t\t<div class=\"elementor-element elementor-element-dbb6a34 elementor-widget elementor-widget-heading\" data-id=\"dbb6a34\" data-element_type=\"widget\" data-widget_type=\"heading.default\">\n\t\t\t\t<div class=\"elementor-widget-container\">\n\t\t\t<h2 class=\"elementor-heading-title elementor-size-default\">Passeggiate e visite guidate<\/h2>\t\t<\/div>\n\t\t\t\t<\/div>\n\t\t\t\t<div class=\"elementor-element elementor-element-6503ae2 animated-slow elementor-invisible elementor-widget elementor-widget-text-editor\" data-id=\"6503ae2\" data-element_type=\"widget\" data-settings=\"{&quot;_animation&quot;:&quot;h-neuron-animation--slideUp&quot;,&quot;_animation_delay&quot;:200}\" data-widget_type=\"text-editor.default\">\n\t\t\t\t<div class=\"elementor-widget-container\">\n\t\t\t\t\t\t\t<p>Per chi desidera scoprire la Napoli pi\u00f9 autentica, le passeggiate e le visite guidate offrono occasioni di grande fascino. Il&nbsp;<a href=\"https:\/\/www.museodiocesanonapoli.com\/\" target=\"_blank\"><u>Complesso di Donnaregina<\/u><\/a>&nbsp;ospiter\u00e0 il 20 luglio <b>Tableaux Vivants da<\/b>&nbsp;<a href=\"https:\/\/it.wikipedia.org\/wiki\/Caravaggio\" target=\"_blank\"><u>Caravaggio<\/u><\/a>, quadri viventi che, tra luce e silenzio, trasformano il Barocco in teatro emozionale.<\/p>\n<p><br><\/p>\n<p><b>Il Teatro Antico<\/b> di Neapolis invece, con le visite guidate<b> \u201cIl Teatro tra le Mura\u201d <\/b>del 28 giugno, aprir\u00e0 le sue porte per un ultimo ciclo pensato per immergersi nella storia millenaria di Napoli, fra pietre antiche e suggestioni senza tempo. Un percorso che rende omaggio alla vocazione teatrale e culturale di una citt\u00e0 che vive attraverso la memoria e la passione.<\/p>\t\t\t\t\t\t<\/div>\n\t\t\t\t<\/div>\n\t\t\t\t<\/div>\n\t\t\t\t<\/div>\n\t\t<div class=\"elementor-element elementor-element-2466ce6 e-con-full e-flex e-con e-parent\" data-id=\"2466ce6\" data-element_type=\"container\">\n\t\t<div class=\"elementor-element elementor-element-fbe337f e-con-full e-flex e-con e-child\" data-id=\"fbe337f\" data-element_type=\"container\">\n\t\t\t\t<div class=\"elementor-element elementor-element-18d1197 elementor-widget elementor-widget-spacer\" data-id=\"18d1197\" data-element_type=\"widget\" data-widget_type=\"spacer.default\">\n\t\t\t\t<div class=\"elementor-widget-container\">\n\t\t\t\t\t<div class=\"elementor-spacer\">\n\t\t\t<div class=\"elementor-spacer-inner\"><\/div>\n\t\t<\/div>\n\t\t\t\t<\/div>\n\t\t\t\t<\/div>\n\t\t\t\t<div class=\"elementor-element elementor-element-05943e8 elementor-widget elementor-widget-heading\" data-id=\"05943e8\" data-element_type=\"widget\" data-widget_type=\"heading.default\">\n\t\t\t\t<div class=\"elementor-widget-container\">\n\t\t\t<h2 class=\"elementor-heading-title elementor-size-default\">Vivere Napoli d\u2019estate<\/h2>\t\t<\/div>\n\t\t\t\t<\/div>\n\t\t\t\t<div class=\"elementor-element elementor-element-4f7c631 animated-slow elementor-invisible elementor-widget elementor-widget-text-editor\" data-id=\"4f7c631\" data-element_type=\"widget\" data-settings=\"{&quot;_animation&quot;:&quot;h-neuron-animation--slideUp&quot;,&quot;_animation_delay&quot;:200}\" data-widget_type=\"text-editor.default\">\n\t\t\t\t<div class=\"elementor-widget-container\">\n\t\t\t\t\t\t\t<p>Come detto in precedenza, con un\u2019agenda culturale cos\u00ec ricca, l\u2019estate partenopea si conferma tra le pi\u00f9 interessanti d\u2019Europa. Che si tratti di un concerto sotto le stelle, una mostra immersiva o un balletto in teatro, ogni sera pu\u00f2 diventare memorabile per le tue prossime vacanze. La citt\u00e0 \u00e8 pronta a raccontarsi con grazia e potenza e noi, al&nbsp;<a href=\"https:\/\/www.santachiarahotel.com\/it\/category\/un-giorno-a-napoli\/\" target=\"_blank\"><u>Santa Chiara Boutique Hotel<\/u><\/a>, siamo pronti ad essere il tuo punto di partenza ideale tra musica, arte e senza confini. Vieni a scoprire un rifugio d\u2019autore.<\/p>\n<p><br><\/p>\n<p><a href=\"https:\/\/www.santachiarahotel.com\/it\/faq\/\" target=\"_blank\" style=\"background-color: rgb(255, 255, 255);\"><u>Qui<\/u>&nbsp;<\/a>trovi le risposte alle domande pi\u00f9 frequenti.&nbsp;<\/p>\n<p><a href=\"https:\/\/secure.visioni.info\/santachiarahotel.com\/book\/frontend\/ibe\/index.php?lang=it&amp;_gl=1*urqk0k*_gcl_au*MTQwOTU0NDcwNC4xNzExNzA4ODMz*_ga*NDIzMjg0NzEuMTcxMTcwODgzMw..*_ga_QSMX9KC91Z*MTcxOTIzNjMwNS4xNC4xLjE3MTkyMzc0MTYuNjAuMC4w\" target=\"_blank\" style=\"background-color: rgb(255, 255, 255);\"><u>Qui<\/u><\/a>&nbsp;puoi prenotare subito il tuo prossimo viaggio da sogno.&nbsp;<\/p>\t\t\t\t\t\t<\/div>\n\t\t\t\t<\/div>\n\t\t\t\t<div class=\"elementor-element elementor-element-6a5071c elementor-widget elementor-widget-spacer\" data-id=\"6a5071c\" data-element_type=\"widget\" data-widget_type=\"spacer.default\">\n\t\t\t\t<div class=\"elementor-widget-container\">\n\t\t\t\t\t<div class=\"elementor-spacer\">\n\t\t\t<div class=\"elementor-spacer-inner\"><\/div>\n\t\t<\/div>\n\t\t\t\t<\/div>\n\t\t\t\t<\/div>\n\t\t\t\t<div class=\"elementor-element elementor-element-c78fd7f elementor-invisible elementor-widget elementor-widget-spacer\" data-id=\"c78fd7f\" data-element_type=\"widget\" data-settings=\"{&quot;_animation&quot;:&quot;h-neuron-animation--clipFromLeft&quot;}\" data-widget_type=\"spacer.default\">\n\t\t\t\t<div class=\"elementor-widget-container\">\n\t\t\t\t\t<div class=\"elementor-spacer\">\n\t\t\t<div class=\"elementor-spacer-inner\"><\/div>\n\t\t<\/div>\n\t\t\t\t<\/div>\n\t\t\t\t<\/div>\n\t\t\t\t<div class=\"elementor-element elementor-element-5dae16c animated-slow elementor-invisible elementor-widget elementor-widget-text-editor\" data-id=\"5dae16c\" data-element_type=\"widget\" data-settings=\"{&quot;_animation&quot;:&quot;h-neuron-animation--slideUp&quot;,&quot;_animation_delay&quot;:200}\" data-widget_type=\"text-editor.default\">\n\t\t\t\t<div class=\"elementor-widget-container\">\n\t\t\t\t\t\t\tVivi la tua avventura a Napoli, scegli la stanza perfetta per scoprire la citt\u00e0 e tutto ci\u00f2 che ha da offrire. Saremo felici di darti il benvenuto.\t\t\t\t\t\t<\/div>\n\t\t\t\t<\/div>\n\t\t\t\t<div class=\"elementor-element elementor-element-3317685 animated-slow elementor-align-center elementor-tablet-align-center elementor-invisible elementor-widget elementor-widget-button\" data-id=\"3317685\" data-element_type=\"widget\" data-settings=\"{&quot;_animation&quot;:&quot;h-neuron-animation--slideUp&quot;,&quot;_animation_delay&quot;:200}\" data-widget_type=\"button.default\">\n\t\t\t\t<div class=\"elementor-widget-container\">\n\t\t\t\t\t\t\t<div class=\"elementor-button-wrapper\">\n\t\t\t\t\t<a class=\"elementor-button elementor-button-link elementor-size-sm\" href=\"https:\/\/secure.visioni.info\/santachiarahotel.com\/book\/frontend\/ibe\/index.php?lang=it&#038;_gl=1*jf547*_gcl_au*MTE4Mjc5MjQyMC4xNzUyMjQ0Nzcw*_ga*MTYxMDE1ODc4Ni4xNzUyMjQ0Nzcw*_ga_QSMX9KC91Z*czE3NTIyNDQ3NjkkbzEkZzEkdDE3NTIyNDgyODckajUzJGwwJGgw\">\n\t\t\t\t\t\t<span class=\"elementor-button-content-wrapper\">\n\t\t\t\t\t\t<span class=\"elementor-button-icon\">\n\t\t\t\t<svg xmlns=\"http:\/\/www.w3.org\/2000\/svg\" width=\"60\" height=\"34\" viewBox=\"0 0 60 34\" fill=\"none\"><g id=\"Livello_1\" clip-path=\"url(#clip0_30_2482)\"><path id=\"Vector\" d=\"M59.5 15.9251V17.8268H59.4309C49.8618 17.8268 41.293 24.0741 38.1079 33.376L36.3679 32.7413C38.7302 25.8474 43.8235 20.5059 50.1291 17.8268H0.5V15.9251H50.1291C43.8235 13.246 38.7302 7.9045 36.3679 1.01068L38.1079 0.375977C41.293 9.67788 49.8618 15.9251 59.4309 15.9251H59.5Z\" fill=\"#1D1D1B\"><\/path><\/g><defs><clipPath id=\"clip0_30_2482\"><rect width=\"59\" height=\"33\" fill=\"white\" transform=\"translate(0.5 0.375977)\"><\/rect><\/clipPath><\/defs><\/svg>\t\t\t<\/span>\n\t\t\t\t\t\t\t\t\t<span class=\"elementor-button-text\">book now<\/span>\n\t\t\t\t\t<\/span>\n\t\t\t\t\t<\/a>\n\t\t\t\t<\/div>\n\t\t\t\t\t\t<\/div>\n\t\t\t\t<\/div>\n\t\t\t\t<div class=\"elementor-element elementor-element-4a9e8d5 elementor-invisible elementor-widget elementor-widget-spacer\" data-id=\"4a9e8d5\" data-element_type=\"widget\" data-settings=\"{&quot;_animation&quot;:&quot;h-neuron-animation--clipFromLeft&quot;}\" data-widget_type=\"spacer.default\">\n\t\t\t\t<div class=\"elementor-widget-container\">\n\t\t\t\t\t<div class=\"elementor-spacer\">\n\t\t\t<div class=\"elementor-spacer-inner\"><\/div>\n\t\t<\/div>\n\t\t\t\t<\/div>\n\t\t\t\t<\/div>\n\t\t\t\t<div class=\"elementor-element elementor-element-7d1b24b elementor-widget elementor-widget-spacer\" data-id=\"7d1b24b\" data-element_type=\"widget\" data-widget_type=\"spacer.default\">\n\t\t\t\t<div class=\"elementor-widget-container\">\n\t\t\t\t\t<div class=\"elementor-spacer\">\n\t\t\t<div class=\"elementor-spacer-inner\"><\/div>\n\t\t<\/div>\n\t\t\t\t<\/div>\n\t\t\t\t<\/div>\n\t\t\t\t<\/div>\n\t\t\t\t<\/div>\n\t\t\t\t<\/div>\n\t\t","protected":false},"excerpt":{"rendered":"<p>Tree over firmament our saying us seasons, fowl have. Darkness days image seas together given fish fruit.<\/p>\n","protected":false},"author":1,"featured_media":16319,"comment_status":"closed","ping_status":"closed","sticky":false,"template":"","format":"standard","meta":{"footnotes":"","_links_to":"","_links_to_target":""},"categories":[58],"tags":[],"class_list":["post-16311","post","type-post","status-publish","format-standard","has-post-thumbnail","hentry","category-arte-e-cultura"],"yoast_head":"<!-- This site is optimized with the Yoast SEO plugin v24.8.1 - https:\/\/yoast.com\/wordpress\/plugins\/seo\/ -->\n<title>Eventi estate 2025 Napoli - Santa Chiara Boutique Hotel<\/title>\n<meta name=\"description\" content=\"Dalle mostre ai concerti, dall\u2019arte ai sapori, l\u2019estate 2025 a Napoli si accende. Scoprila dal Santa Chiara Boutique Hotel.\" \/>\n<meta name=\"robots\" content=\"index, follow, max-snippet:-1, max-image-preview:large, max-video-preview:-1\" \/>\n<link rel=\"canonical\" href=\"https:\/\/www.santachiarahotel.com\/it\/eventi-estate-2025-napoli-cosa-aspettarsi\/\" \/>\n<meta property=\"og:locale\" content=\"it_IT\" \/>\n<meta property=\"og:type\" content=\"article\" \/>\n<meta property=\"og:title\" content=\"Eventi estate 2025 Napoli - Santa Chiara Boutique Hotel\" \/>\n<meta property=\"og:description\" content=\"Dalle mostre ai concerti, dall\u2019arte ai sapori, l\u2019estate 2025 a Napoli si accende. Scoprila dal Santa Chiara Boutique Hotel.\" \/>\n<meta property=\"og:url\" content=\"https:\/\/www.santachiarahotel.com\/it\/eventi-estate-2025-napoli-cosa-aspettarsi\/\" \/>\n<meta property=\"og:site_name\" content=\"Santa Chiara Boutique Hotel\" \/>\n<meta property=\"article:published_time\" content=\"2025-07-11T15:03:18+00:00\" \/>\n<meta property=\"article:modified_time\" content=\"2025-07-11T15:38:34+00:00\" \/>\n<meta property=\"og:image\" content=\"https:\/\/www.santachiarahotel.com\/wp-content\/uploads\/2025\/07\/piazza-del-plebiscito-palco-1024x576.png\" \/>\n\t<meta property=\"og:image:width\" content=\"1024\" \/>\n\t<meta property=\"og:image:height\" content=\"576\" \/>\n\t<meta property=\"og:image:type\" content=\"image\/png\" \/>\n<meta name=\"author\" content=\"admin\" \/>\n<meta name=\"twitter:card\" content=\"summary_large_image\" \/>\n<meta name=\"twitter:label1\" content=\"Scritto da\" \/>\n\t<meta name=\"twitter:data1\" content=\"admin\" \/>\n\t<meta name=\"twitter:label2\" content=\"Tempo di lettura stimato\" \/>\n\t<meta name=\"twitter:data2\" content=\"8 minuti\" \/>\n<script type=\"application\/ld+json\" class=\"yoast-schema-graph\">{\"@context\":\"https:\/\/schema.org\",\"@graph\":[{\"@type\":\"Article\",\"@id\":\"https:\/\/www.santachiarahotel.com\/it\/eventi-estate-2025-napoli-cosa-aspettarsi\/#article\",\"isPartOf\":{\"@id\":\"https:\/\/www.santachiarahotel.com\/it\/eventi-estate-2025-napoli-cosa-aspettarsi\/\"},\"author\":{\"name\":\"admin\",\"@id\":\"https:\/\/www.santachiarahotel.com\/it\/#\/schema\/person\/8a577cbc726505c9d37ce85287cd9c61\"},\"headline\":\"Eventi estate 2025 Napoli: cosa aspettarsi\",\"datePublished\":\"2025-07-11T15:03:18+00:00\",\"dateModified\":\"2025-07-11T15:38:34+00:00\",\"mainEntityOfPage\":{\"@id\":\"https:\/\/www.santachiarahotel.com\/it\/eventi-estate-2025-napoli-cosa-aspettarsi\/\"},\"wordCount\":1257,\"publisher\":{\"@id\":\"https:\/\/www.santachiarahotel.com\/it\/#organization\"},\"image\":{\"@id\":\"https:\/\/www.santachiarahotel.com\/it\/eventi-estate-2025-napoli-cosa-aspettarsi\/#primaryimage\"},\"thumbnailUrl\":\"https:\/\/www.santachiarahotel.com\/wp-content\/uploads\/2025\/07\/piazza-del-plebiscito-palco.png\",\"articleSection\":[\"Arte e cultura\"],\"inLanguage\":\"it-IT\"},{\"@type\":\"WebPage\",\"@id\":\"https:\/\/www.santachiarahotel.com\/it\/eventi-estate-2025-napoli-cosa-aspettarsi\/\",\"url\":\"https:\/\/www.santachiarahotel.com\/it\/eventi-estate-2025-napoli-cosa-aspettarsi\/\",\"name\":\"Eventi estate 2025 Napoli - Santa Chiara Boutique Hotel\",\"isPartOf\":{\"@id\":\"https:\/\/www.santachiarahotel.com\/it\/#website\"},\"primaryImageOfPage\":{\"@id\":\"https:\/\/www.santachiarahotel.com\/it\/eventi-estate-2025-napoli-cosa-aspettarsi\/#primaryimage\"},\"image\":{\"@id\":\"https:\/\/www.santachiarahotel.com\/it\/eventi-estate-2025-napoli-cosa-aspettarsi\/#primaryimage\"},\"thumbnailUrl\":\"https:\/\/www.santachiarahotel.com\/wp-content\/uploads\/2025\/07\/piazza-del-plebiscito-palco.png\",\"datePublished\":\"2025-07-11T15:03:18+00:00\",\"dateModified\":\"2025-07-11T15:38:34+00:00\",\"description\":\"Dalle mostre ai concerti, dall\u2019arte ai sapori, l\u2019estate 2025 a Napoli si accende. Scoprila dal Santa Chiara Boutique Hotel.\",\"breadcrumb\":{\"@id\":\"https:\/\/www.santachiarahotel.com\/it\/eventi-estate-2025-napoli-cosa-aspettarsi\/#breadcrumb\"},\"inLanguage\":\"it-IT\",\"potentialAction\":[{\"@type\":\"ReadAction\",\"target\":[\"https:\/\/www.santachiarahotel.com\/it\/eventi-estate-2025-napoli-cosa-aspettarsi\/\"]}]},{\"@type\":\"ImageObject\",\"inLanguage\":\"it-IT\",\"@id\":\"https:\/\/www.santachiarahotel.com\/it\/eventi-estate-2025-napoli-cosa-aspettarsi\/#primaryimage\",\"url\":\"https:\/\/www.santachiarahotel.com\/wp-content\/uploads\/2025\/07\/piazza-del-plebiscito-palco.png\",\"contentUrl\":\"https:\/\/www.santachiarahotel.com\/wp-content\/uploads\/2025\/07\/piazza-del-plebiscito-palco.png\",\"width\":1920,\"height\":1080},{\"@type\":\"BreadcrumbList\",\"@id\":\"https:\/\/www.santachiarahotel.com\/it\/eventi-estate-2025-napoli-cosa-aspettarsi\/#breadcrumb\",\"itemListElement\":[{\"@type\":\"ListItem\",\"position\":1,\"name\":\"Home\",\"item\":\"https:\/\/www.santachiarahotel.com\/it\/\"},{\"@type\":\"ListItem\",\"position\":2,\"name\":\"Eventi estate 2025 Napoli: cosa aspettarsi\"}]},{\"@type\":\"WebSite\",\"@id\":\"https:\/\/www.santachiarahotel.com\/it\/#website\",\"url\":\"https:\/\/www.santachiarahotel.com\/it\/\",\"name\":\"Santa Chiara Boutique Hotel\",\"description\":\"Santa Chiara Boutique Hotel, Centro storico Napoli 4 stelle\",\"publisher\":{\"@id\":\"https:\/\/www.santachiarahotel.com\/it\/#organization\"},\"potentialAction\":[{\"@type\":\"SearchAction\",\"target\":{\"@type\":\"EntryPoint\",\"urlTemplate\":\"https:\/\/www.santachiarahotel.com\/it\/?s={search_term_string}\"},\"query-input\":{\"@type\":\"PropertyValueSpecification\",\"valueRequired\":true,\"valueName\":\"search_term_string\"}}],\"inLanguage\":\"it-IT\"},{\"@type\":\"Organization\",\"@id\":\"https:\/\/www.santachiarahotel.com\/it\/#organization\",\"name\":\"Santa Chiara Boutique Hotel\",\"url\":\"https:\/\/www.santachiarahotel.com\/it\/\",\"logo\":{\"@type\":\"ImageObject\",\"inLanguage\":\"it-IT\",\"@id\":\"https:\/\/www.santachiarahotel.com\/it\/#\/schema\/logo\/image\/\",\"url\":\"\",\"contentUrl\":\"\",\"caption\":\"Santa Chiara Boutique Hotel\"},\"image\":{\"@id\":\"https:\/\/www.santachiarahotel.com\/it\/#\/schema\/logo\/image\/\"}},{\"@type\":\"Person\",\"@id\":\"https:\/\/www.santachiarahotel.com\/it\/#\/schema\/person\/8a577cbc726505c9d37ce85287cd9c61\",\"name\":\"admin\",\"image\":{\"@type\":\"ImageObject\",\"inLanguage\":\"it-IT\",\"@id\":\"https:\/\/www.santachiarahotel.com\/it\/#\/schema\/person\/image\/\",\"url\":\"https:\/\/secure.gravatar.com\/avatar\/af0019bca192a111e0aa6a416bd1de72?s=96&d=mm&r=g\",\"contentUrl\":\"https:\/\/secure.gravatar.com\/avatar\/af0019bca192a111e0aa6a416bd1de72?s=96&d=mm&r=g\",\"caption\":\"admin\"},\"sameAs\":[\"https:\/\/www.santachiarahotel.com\"],\"url\":\"https:\/\/www.santachiarahotel.com\/it\/author\/youcan_3m0yb72s\/\"}]}<\/script>\n<!-- \/ Yoast SEO plugin. -->","yoast_head_json":{"title":"Eventi estate 2025 Napoli - Santa Chiara Boutique Hotel","description":"Dalle mostre ai concerti, dall\u2019arte ai sapori, l\u2019estate 2025 a Napoli si accende. Scoprila dal Santa Chiara Boutique Hotel.","robots":{"index":"index","follow":"follow","max-snippet":"max-snippet:-1","max-image-preview":"max-image-preview:large","max-video-preview":"max-video-preview:-1"},"canonical":"https:\/\/www.santachiarahotel.com\/it\/eventi-estate-2025-napoli-cosa-aspettarsi\/","og_locale":"it_IT","og_type":"article","og_title":"Eventi estate 2025 Napoli - Santa Chiara Boutique Hotel","og_description":"Dalle mostre ai concerti, dall\u2019arte ai sapori, l\u2019estate 2025 a Napoli si accende. Scoprila dal Santa Chiara Boutique Hotel.","og_url":"https:\/\/www.santachiarahotel.com\/it\/eventi-estate-2025-napoli-cosa-aspettarsi\/","og_site_name":"Santa Chiara Boutique Hotel","article_published_time":"2025-07-11T15:03:18+00:00","article_modified_time":"2025-07-11T15:38:34+00:00","og_image":[{"width":1024,"height":576,"url":"https:\/\/www.santachiarahotel.com\/wp-content\/uploads\/2025\/07\/piazza-del-plebiscito-palco-1024x576.png","type":"image\/png"}],"author":"admin","twitter_card":"summary_large_image","twitter_misc":{"Scritto da":"admin","Tempo di lettura stimato":"8 minuti"},"schema":{"@context":"https:\/\/schema.org","@graph":[{"@type":"Article","@id":"https:\/\/www.santachiarahotel.com\/it\/eventi-estate-2025-napoli-cosa-aspettarsi\/#article","isPartOf":{"@id":"https:\/\/www.santachiarahotel.com\/it\/eventi-estate-2025-napoli-cosa-aspettarsi\/"},"author":{"name":"admin","@id":"https:\/\/www.santachiarahotel.com\/it\/#\/schema\/person\/8a577cbc726505c9d37ce85287cd9c61"},"headline":"Eventi estate 2025 Napoli: cosa aspettarsi","datePublished":"2025-07-11T15:03:18+00:00","dateModified":"2025-07-11T15:38:34+00:00","mainEntityOfPage":{"@id":"https:\/\/www.santachiarahotel.com\/it\/eventi-estate-2025-napoli-cosa-aspettarsi\/"},"wordCount":1257,"publisher":{"@id":"https:\/\/www.santachiarahotel.com\/it\/#organization"},"image":{"@id":"https:\/\/www.santachiarahotel.com\/it\/eventi-estate-2025-napoli-cosa-aspettarsi\/#primaryimage"},"thumbnailUrl":"https:\/\/www.santachiarahotel.com\/wp-content\/uploads\/2025\/07\/piazza-del-plebiscito-palco.png","articleSection":["Arte e cultura"],"inLanguage":"it-IT"},{"@type":"WebPage","@id":"https:\/\/www.santachiarahotel.com\/it\/eventi-estate-2025-napoli-cosa-aspettarsi\/","url":"https:\/\/www.santachiarahotel.com\/it\/eventi-estate-2025-napoli-cosa-aspettarsi\/","name":"Eventi estate 2025 Napoli - Santa Chiara Boutique Hotel","isPartOf":{"@id":"https:\/\/www.santachiarahotel.com\/it\/#website"},"primaryImageOfPage":{"@id":"https:\/\/www.santachiarahotel.com\/it\/eventi-estate-2025-napoli-cosa-aspettarsi\/#primaryimage"},"image":{"@id":"https:\/\/www.santachiarahotel.com\/it\/eventi-estate-2025-napoli-cosa-aspettarsi\/#primaryimage"},"thumbnailUrl":"https:\/\/www.santachiarahotel.com\/wp-content\/uploads\/2025\/07\/piazza-del-plebiscito-palco.png","datePublished":"2025-07-11T15:03:18+00:00","dateModified":"2025-07-11T15:38:34+00:00","description":"Dalle mostre ai concerti, dall\u2019arte ai sapori, l\u2019estate 2025 a Napoli si accende. Scoprila dal Santa Chiara Boutique Hotel.","breadcrumb":{"@id":"https:\/\/www.santachiarahotel.com\/it\/eventi-estate-2025-napoli-cosa-aspettarsi\/#breadcrumb"},"inLanguage":"it-IT","potentialAction":[{"@type":"ReadAction","target":["https:\/\/www.santachiarahotel.com\/it\/eventi-estate-2025-napoli-cosa-aspettarsi\/"]}]},{"@type":"ImageObject","inLanguage":"it-IT","@id":"https:\/\/www.santachiarahotel.com\/it\/eventi-estate-2025-napoli-cosa-aspettarsi\/#primaryimage","url":"https:\/\/www.santachiarahotel.com\/wp-content\/uploads\/2025\/07\/piazza-del-plebiscito-palco.png","contentUrl":"https:\/\/www.santachiarahotel.com\/wp-content\/uploads\/2025\/07\/piazza-del-plebiscito-palco.png","width":1920,"height":1080},{"@type":"BreadcrumbList","@id":"https:\/\/www.santachiarahotel.com\/it\/eventi-estate-2025-napoli-cosa-aspettarsi\/#breadcrumb","itemListElement":[{"@type":"ListItem","position":1,"name":"Home","item":"https:\/\/www.santachiarahotel.com\/it\/"},{"@type":"ListItem","position":2,"name":"Eventi estate 2025 Napoli: cosa aspettarsi"}]},{"@type":"WebSite","@id":"https:\/\/www.santachiarahotel.com\/it\/#website","url":"https:\/\/www.santachiarahotel.com\/it\/","name":"Santa Chiara Boutique Hotel","description":"Santa Chiara Boutique Hotel, Centro storico Napoli 4 stelle","publisher":{"@id":"https:\/\/www.santachiarahotel.com\/it\/#organization"},"potentialAction":[{"@type":"SearchAction","target":{"@type":"EntryPoint","urlTemplate":"https:\/\/www.santachiarahotel.com\/it\/?s={search_term_string}"},"query-input":{"@type":"PropertyValueSpecification","valueRequired":true,"valueName":"search_term_string"}}],"inLanguage":"it-IT"},{"@type":"Organization","@id":"https:\/\/www.santachiarahotel.com\/it\/#organization","name":"Santa Chiara Boutique Hotel","url":"https:\/\/www.santachiarahotel.com\/it\/","logo":{"@type":"ImageObject","inLanguage":"it-IT","@id":"https:\/\/www.santachiarahotel.com\/it\/#\/schema\/logo\/image\/","url":"","contentUrl":"","caption":"Santa Chiara Boutique Hotel"},"image":{"@id":"https:\/\/www.santachiarahotel.com\/it\/#\/schema\/logo\/image\/"}},{"@type":"Person","@id":"https:\/\/www.santachiarahotel.com\/it\/#\/schema\/person\/8a577cbc726505c9d37ce85287cd9c61","name":"admin","image":{"@type":"ImageObject","inLanguage":"it-IT","@id":"https:\/\/www.santachiarahotel.com\/it\/#\/schema\/person\/image\/","url":"https:\/\/secure.gravatar.com\/avatar\/af0019bca192a111e0aa6a416bd1de72?s=96&d=mm&r=g","contentUrl":"https:\/\/secure.gravatar.com\/avatar\/af0019bca192a111e0aa6a416bd1de72?s=96&d=mm&r=g","caption":"admin"},"sameAs":["https:\/\/www.santachiarahotel.com"],"url":"https:\/\/www.santachiarahotel.com\/it\/author\/youcan_3m0yb72s\/"}]}},"_links":{"self":[{"href":"https:\/\/www.santachiarahotel.com\/it\/wp-json\/wp\/v2\/posts\/16311","targetHints":{"allow":["GET"]}}],"collection":[{"href":"https:\/\/www.santachiarahotel.com\/it\/wp-json\/wp\/v2\/posts"}],"about":[{"href":"https:\/\/www.santachiarahotel.com\/it\/wp-json\/wp\/v2\/types\/post"}],"author":[{"embeddable":true,"href":"https:\/\/www.santachiarahotel.com\/it\/wp-json\/wp\/v2\/users\/1"}],"replies":[{"embeddable":true,"href":"https:\/\/www.santachiarahotel.com\/it\/wp-json\/wp\/v2\/comments?post=16311"}],"version-history":[{"count":9,"href":"https:\/\/www.santachiarahotel.com\/it\/wp-json\/wp\/v2\/posts\/16311\/revisions"}],"predecessor-version":[{"id":16350,"href":"https:\/\/www.santachiarahotel.com\/it\/wp-json\/wp\/v2\/posts\/16311\/revisions\/16350"}],"wp:featuredmedia":[{"embeddable":true,"href":"https:\/\/www.santachiarahotel.com\/it\/wp-json\/wp\/v2\/media\/16319"}],"wp:attachment":[{"href":"https:\/\/www.santachiarahotel.com\/it\/wp-json\/wp\/v2\/media?parent=16311"}],"wp:term":[{"taxonomy":"category","embeddable":true,"href":"https:\/\/www.santachiarahotel.com\/it\/wp-json\/wp\/v2\/categories?post=16311"},{"taxonomy":"post_tag","embeddable":true,"href":"https:\/\/www.santachiarahotel.com\/it\/wp-json\/wp\/v2\/tags?post=16311"}],"curies":[{"name":"wp","href":"https:\/\/api.w.org\/{rel}","templated":true}]}}